{"id":284,"date":"2019-11-06T11:12:20","date_gmt":"2019-11-06T17:12:20","guid":{"rendered":"http:\/\/montables.com.mx\/blog\/?p=284"},"modified":"2020-04-23T17:43:58","modified_gmt":"2020-04-23T23:43:58","slug":"la-participacion-david-bisbal-en-frozen-2","status":"publish","type":"post","link":"http:\/\/montables.com.mx\/blog\/2019\/11\/06\/la-participacion-david-bisbal-en-frozen-2\/","title":{"rendered":"La participaci\u00f3n de David Bisbal en &#8216;Frozen 2&#8217;"},"content":{"rendered":"<p>El artista espa\u00f1ol cantar\u00e1 el tema <strong>\u201cMucho m\u00e1s all\u00e1\u201d<\/strong>, que estar\u00e1 disponible este viernes<strong> 8 de noviembre<\/strong> en plataformas digitales.<\/p>\n<p><img loading=\"lazy\" class=\" wp-image-285 aligncenter\" src=\"http:\/\/montables.com.mx\/blog\/wp-content\/uploads\/2019\/11\/1241116-245x300.jpeg\" alt=\"\" width=\"411\" height=\"504\" srcset=\"http:\/\/montables.com.mx\/blog\/wp-content\/uploads\/2019\/11\/1241116-245x300.jpeg 245w, http:\/\/montables.com.mx\/blog\/wp-content\/uploads\/2019\/11\/1241116-768x941.jpeg 768w, http:\/\/montables.com.mx\/blog\/wp-content\/uploads\/2019\/11\/1241116-836x1024.jpeg 836w, http:\/\/montables.com.mx\/blog\/wp-content\/uploads\/2019\/11\/1241116.jpeg 1024w\" sizes=\"(max-width: 411px) 100vw, 411px\" \/><\/p>\n<p>Disney anunci\u00f3 que el exitoso cantante espa\u00f1ol, David Bisbal, interpretar\u00e1\u00a0<em>\u201cMucho m\u00e1s all\u00e1<\/em>\u201d, la canci\u00f3n de los cr\u00e9ditos finales de\u00a0<strong><em>FROZEN 2<\/em><\/strong>, en las versiones dobladas de la pel\u00edcula para Latinoam\u00e9rica y Espa\u00f1a. El tema se lanzar\u00e1 junto con su video musical este viernes 8 de noviembre, y es la versi\u00f3n en espa\u00f1ol de la canci\u00f3n \u201c<em>Into The Unknown\u201d<\/em>\u00a0interpretada por la banda\u00a0<em>Panic! At the Disco\u00a0<\/em>para los cr\u00e9ditos finales de\u00a0<strong><em>FROZEN 2<\/em><\/strong>\u00a0en Estados Unidos. \u201c<em>Mucho m\u00e1s all\u00e1<\/em>\u201d de Bisbal tambi\u00e9n formar\u00e1 parte de la banda sonora original en espa\u00f1ol de\u00a0<strong><em>FROZEN 2<\/em><\/strong>\u00a0de Walt Disney Records, que estar\u00e1 disponible a partir del 15 de noviembre en plataformas digitales.<\/p>\n<p><img loading=\"lazy\" class=\"wp-image-288 aligncenter\" src=\"http:\/\/montables.com.mx\/blog\/wp-content\/uploads\/2019\/11\/david-bisbal-pone-voz-frozen-1572375819949-300x168.jpg\" alt=\"\" width=\"794\" height=\"445\" srcset=\"http:\/\/montables.com.mx\/blog\/wp-content\/uploads\/2019\/11\/david-bisbal-pone-voz-frozen-1572375819949-300x168.jpg 300w, http:\/\/montables.com.mx\/blog\/wp-content\/uploads\/2019\/11\/david-bisbal-pone-voz-frozen-1572375819949-768x429.jpg 768w, http:\/\/montables.com.mx\/blog\/wp-content\/uploads\/2019\/11\/david-bisbal-pone-voz-frozen-1572375819949-1024x572.jpg 1024w\" sizes=\"(max-width: 794px) 100vw, 794px\" \/><\/p>\n<p>La multinacional lo ha anunciado en\u00a0<a href=\"https:\/\/twitter.com\/DisneyStudiosLA\/status\/1189185431759253509\" target=\"_blank\" rel=\"noopener\">Twitter<\/a>\u00a0y el propio cantante ha compartido con alegr\u00eda la noticia.<\/p>\n<blockquote class=\"twitter-tweet\" data-width=\"550\">\n<p lang=\"es\" dir=\"ltr\">He cumplido un sue\u00f1o! Gracias a <a href=\"https:\/\/twitter.com\/DisneySpain?ref_src=twsrc%5Etfw\">@DisneySpain<\/a> y <a href=\"https:\/\/twitter.com\/DisneyStudiosLA?ref_src=twsrc%5Etfw\">@DisneyStudiosLA<\/a> por contar conmigo para participar en la banda sonora de <a href=\"https:\/\/twitter.com\/hashtag\/Frozen2?src=hash&amp;ref_src=twsrc%5Etfw\">#Frozen2<\/a>! <a href=\"https:\/\/t.co\/u3CwooS1nM\">pic.twitter.com\/u3CwooS1nM<\/a><\/p>\n<p>&mdash; davidbisbal (@davidbisbal) <a href=\"https:\/\/twitter.com\/davidbisbal\/status\/1189165094426554368?ref_src=twsrc%5Etfw\">October 29, 2019<\/a><\/p><\/blockquote>\n<p><script async src=\"https:\/\/platform.twitter.com\/widgets.js\" charset=\"utf-8\"><\/script><\/p>\n<p>Cantar \u201c<em>Mucho m\u00e1s all\u00e1<\/em>\u201d para David Bisbal ha supuesto un nuevo reto profesional ya que pocos artistas en el mundo pueden llegar a cubrir toda la diversidad de notas que tiene esta magn\u00edfica canci\u00f3n.<em>\u00a0\u201cEs un proyecto que ha venido con una gran sorpresa a mi vida y a mi carrera\u201d,\u00a0<\/em>coment\u00f3 Bisbal<em>. \u201cEstar\u00e9 eternamente agradecido que me hayan invitado a participar en una pel\u00edcula tan ic\u00f3nica y que ha sido pues tan importante en la familia de mucha gente\u201d,\u00a0<\/em>agreg\u00f3.<em>\u00a0\u201cEstar en un proyecto musical de estas caracter\u00edsticas es un privilegio y un sue\u00f1o\u201d,\u00a0<\/em>complet\u00f3 el artista.<\/p>\n<p>Ganador de 3 Grammy Latino, 3 Billboard Latinos, 3 World Music Award y 2 Premios Ondas, entre los m\u00e1s de 80 galardones nacionales e internacionales que acumula, David Bisbal es reconocido a ambos lados del Atl\u00e1ntico por su carrera de m\u00e1s de 18 a\u00f1os en los cuales ha conseguido 11 Discos de Diamante por las ventas de sus discos y vender m\u00e1s de 5 millones de Tickets de sus m\u00e1s de 1000 conciertos en todo el mundo. Cuenta con +2Millones de seguidores y + de 6Millones de oyentes al mes en Spotify. En YouTube supera los 2 Millones de subscriptores y suma 1.4 billones de vistas de sus videos. Adem\u00e1s, David Bisbal es uno de los artistas espa\u00f1oles con m\u00e1s fans y seguidores en sus redes sociales, en las que alcanza los 20 millones.<\/p>\n","protected":false},"excerpt":{"rendered":"<p>El artista espa\u00f1ol cantar\u00e1 el tema \u201cMucho m\u00e1s all\u00e1\u201d, que estar\u00e1 disponible este viernes 8 de noviembre en plataformas digitales.&hellip;<\/p>\n","protected":false},"author":1,"featured_media":348,"comment_status":"open","ping_status":"open","sticky":false,"template":"","format":"standard","meta":[],"categories":[1],"tags":[],"yoast_head":"<!-- This site is optimized with the Yoast SEO plugin v19.3 - https:\/\/yoast.com\/wordpress\/plugins\/seo\/ -->\n<title>La participaci\u00f3n de David Bisbal en &#039;Frozen 2&#039; -<\/title>\n<meta name=\"robots\" content=\"index, follow, max-snippet:-1, max-image-preview:large, max-video-preview:-1\" \/>\n<link rel=\"canonical\" href=\"http:\/\/montables.com.mx\/blog\/2019\/11\/06\/la-participacion-david-bisbal-en-frozen-2\/\" \/>\n<meta property=\"og:locale\" content=\"es_MX\" \/>\n<meta property=\"og:type\" content=\"article\" \/>\n<meta property=\"og:title\" content=\"La participaci\u00f3n de David Bisbal en &#039;Frozen 2&#039; -\" \/>\n<meta property=\"og:description\" content=\"El artista espa\u00f1ol cantar\u00e1 el tema \u201cMucho m\u00e1s all\u00e1\u201d, que estar\u00e1 disponible este viernes 8 de noviembre en plataformas digitales.&hellip;\" \/>\n<meta property=\"og:url\" content=\"http:\/\/montables.com.mx\/blog\/2019\/11\/06\/la-participacion-david-bisbal-en-frozen-2\/\" \/>\n<meta property=\"article:publisher\" content=\"https:\/\/www.facebook.com\/montablesleodymex\/\" \/>\n<meta property=\"article:published_time\" content=\"2019-11-06T17:12:20+00:00\" \/>\n<meta property=\"article:modified_time\" content=\"2020-04-23T23:43:58+00:00\" \/>\n<meta property=\"og:image\" content=\"http:\/\/montables.com.mx\/blog\/wp-content\/uploads\/2019\/11\/4.jpg\" \/>\n\t<meta property=\"og:image:width\" content=\"400\" \/>\n\t<meta property=\"og:image:height\" content=\"200\" \/>\n\t<meta property=\"og:image:type\" content=\"image\/jpeg\" \/>\n<meta name=\"author\" content=\"LeodyAdmin2017\" \/>\n<meta name=\"twitter:card\" content=\"summary_large_image\" \/>\n<meta name=\"twitter:creator\" content=\"@LeodyMex\" \/>\n<meta name=\"twitter:site\" content=\"@LeodyMex\" \/>\n<meta name=\"twitter:label1\" content=\"Escrito por\" \/>\n\t<meta name=\"twitter:data1\" content=\"LeodyAdmin2017\" \/>\n\t<meta name=\"twitter:label2\" content=\"Tiempo de lectura\" \/>\n\t<meta name=\"twitter:data2\" content=\"2 minutos\" \/>\n<script type=\"application\/ld+json\" class=\"yoast-schema-graph\">{\"@context\":\"https:\/\/schema.org\",\"@graph\":[{\"@type\":\"Organization\",\"@id\":\"http:\/\/montables.com.mx\/blog\/#organization\",\"name\":\"Leody Mex\",\"url\":\"http:\/\/montables.com.mx\/blog\/\",\"sameAs\":[\"https:\/\/www.pinterest.com.mx\/leodymex\/\",\"https:\/\/www.youtube.com\/c\/MontablesMxLeoDyMex\",\"https:\/\/www.facebook.com\/montablesleodymex\/\",\"https:\/\/twitter.com\/LeodyMex\"],\"logo\":{\"@type\":\"ImageObject\",\"inLanguage\":\"es-MX\",\"@id\":\"http:\/\/montables.com.mx\/blog\/#\/schema\/logo\/image\/\",\"url\":\"http:\/\/montables.com.mx\/blog\/wp-content\/uploads\/2017\/08\/123.png\",\"contentUrl\":\"http:\/\/montables.com.mx\/blog\/wp-content\/uploads\/2017\/08\/123.png\",\"width\":250,\"height\":100,\"caption\":\"Leody Mex\"},\"image\":{\"@id\":\"http:\/\/montables.com.mx\/blog\/#\/schema\/logo\/image\/\"}},{\"@type\":\"WebSite\",\"@id\":\"http:\/\/montables.com.mx\/blog\/#website\",\"url\":\"http:\/\/montables.com.mx\/blog\/\",\"name\":\"\",\"description\":\"\",\"publisher\":{\"@id\":\"http:\/\/montables.com.mx\/blog\/#organization\"},\"potentialAction\":[{\"@type\":\"SearchAction\",\"target\":{\"@type\":\"EntryPoint\",\"urlTemplate\":\"http:\/\/montables.com.mx\/blog\/?s={search_term_string}\"},\"query-input\":\"required name=search_term_string\"}],\"inLanguage\":\"es-MX\"},{\"@type\":\"ImageObject\",\"inLanguage\":\"es-MX\",\"@id\":\"http:\/\/montables.com.mx\/blog\/2019\/11\/06\/la-participacion-david-bisbal-en-frozen-2\/#primaryimage\",\"url\":\"http:\/\/montables.com.mx\/blog\/wp-content\/uploads\/2019\/11\/4.jpg\",\"contentUrl\":\"http:\/\/montables.com.mx\/blog\/wp-content\/uploads\/2019\/11\/4.jpg\",\"width\":400,\"height\":200},{\"@type\":\"WebPage\",\"@id\":\"http:\/\/montables.com.mx\/blog\/2019\/11\/06\/la-participacion-david-bisbal-en-frozen-2\/\",\"url\":\"http:\/\/montables.com.mx\/blog\/2019\/11\/06\/la-participacion-david-bisbal-en-frozen-2\/\",\"name\":\"La participaci\u00f3n de David Bisbal en 'Frozen 2' -\",\"isPartOf\":{\"@id\":\"http:\/\/montables.com.mx\/blog\/#website\"},\"primaryImageOfPage\":{\"@id\":\"http:\/\/montables.com.mx\/blog\/2019\/11\/06\/la-participacion-david-bisbal-en-frozen-2\/#primaryimage\"},\"datePublished\":\"2019-11-06T17:12:20+00:00\",\"dateModified\":\"2020-04-23T23:43:58+00:00\",\"breadcrumb\":{\"@id\":\"http:\/\/montables.com.mx\/blog\/2019\/11\/06\/la-participacion-david-bisbal-en-frozen-2\/#breadcrumb\"},\"inLanguage\":\"es-MX\",\"potentialAction\":[{\"@type\":\"ReadAction\",\"target\":[\"http:\/\/montables.com.mx\/blog\/2019\/11\/06\/la-participacion-david-bisbal-en-frozen-2\/\"]}]},{\"@type\":\"BreadcrumbList\",\"@id\":\"http:\/\/montables.com.mx\/blog\/2019\/11\/06\/la-participacion-david-bisbal-en-frozen-2\/#breadcrumb\",\"itemListElement\":[{\"@type\":\"ListItem\",\"position\":1,\"name\":\"Inicio\",\"item\":\"http:\/\/montables.com.mx\/blog\/\"},{\"@type\":\"ListItem\",\"position\":2,\"name\":\"La participaci\u00f3n de David Bisbal en &#8216;Frozen 2&#8217;\"}]},{\"@type\":\"Article\",\"@id\":\"http:\/\/montables.com.mx\/blog\/2019\/11\/06\/la-participacion-david-bisbal-en-frozen-2\/#article\",\"isPartOf\":{\"@id\":\"http:\/\/montables.com.mx\/blog\/2019\/11\/06\/la-participacion-david-bisbal-en-frozen-2\/\"},\"author\":{\"name\":\"LeodyAdmin2017\",\"@id\":\"http:\/\/montables.com.mx\/blog\/#\/schema\/person\/f7992c3e770edec0337d843dfcaa3e1d\"},\"headline\":\"La participaci\u00f3n de David Bisbal en &#8216;Frozen 2&#8217;\",\"datePublished\":\"2019-11-06T17:12:20+00:00\",\"dateModified\":\"2020-04-23T23:43:58+00:00\",\"mainEntityOfPage\":{\"@id\":\"http:\/\/montables.com.mx\/blog\/2019\/11\/06\/la-participacion-david-bisbal-en-frozen-2\/\"},\"wordCount\":431,\"commentCount\":0,\"publisher\":{\"@id\":\"http:\/\/montables.com.mx\/blog\/#organization\"},\"image\":{\"@id\":\"http:\/\/montables.com.mx\/blog\/2019\/11\/06\/la-participacion-david-bisbal-en-frozen-2\/#primaryimage\"},\"thumbnailUrl\":\"http:\/\/montables.com.mx\/blog\/wp-content\/uploads\/2019\/11\/4.jpg\",\"inLanguage\":\"es-MX\",\"potentialAction\":[{\"@type\":\"CommentAction\",\"name\":\"Comment\",\"target\":[\"http:\/\/montables.com.mx\/blog\/2019\/11\/06\/la-participacion-david-bisbal-en-frozen-2\/#respond\"]}]},{\"@type\":\"Person\",\"@id\":\"http:\/\/montables.com.mx\/blog\/#\/schema\/person\/f7992c3e770edec0337d843dfcaa3e1d\",\"name\":\"LeodyAdmin2017\",\"image\":{\"@type\":\"ImageObject\",\"inLanguage\":\"es-MX\",\"@id\":\"http:\/\/montables.com.mx\/blog\/#\/schema\/person\/image\/\",\"url\":\"http:\/\/2.gravatar.com\/avatar\/b024a5a0f695dc58bad2ed9953c55501?s=96&d=mm&r=g\",\"contentUrl\":\"http:\/\/2.gravatar.com\/avatar\/b024a5a0f695dc58bad2ed9953c55501?s=96&d=mm&r=g\",\"caption\":\"LeodyAdmin2017\"},\"url\":\"http:\/\/montables.com.mx\/blog\/author\/leodyadmin2017\/\"}]}<\/script>\n<!-- \/ Yoast SEO plugin. -->","yoast_head_json":{"title":"La participaci\u00f3n de David Bisbal en 'Frozen 2' -","robots":{"index":"index","follow":"follow","max-snippet":"max-snippet:-1","max-image-preview":"max-image-preview:large","max-video-preview":"max-video-preview:-1"},"canonical":"http:\/\/montables.com.mx\/blog\/2019\/11\/06\/la-participacion-david-bisbal-en-frozen-2\/","og_locale":"es_MX","og_type":"article","og_title":"La participaci\u00f3n de David Bisbal en 'Frozen 2' -","og_description":"El artista espa\u00f1ol cantar\u00e1 el tema \u201cMucho m\u00e1s all\u00e1\u201d, que estar\u00e1 disponible este viernes 8 de noviembre en plataformas digitales.&hellip;","og_url":"http:\/\/montables.com.mx\/blog\/2019\/11\/06\/la-participacion-david-bisbal-en-frozen-2\/","article_publisher":"https:\/\/www.facebook.com\/montablesleodymex\/","article_published_time":"2019-11-06T17:12:20+00:00","article_modified_time":"2020-04-23T23:43:58+00:00","og_image":[{"width":400,"height":200,"url":"http:\/\/montables.com.mx\/blog\/wp-content\/uploads\/2019\/11\/4.jpg","type":"image\/jpeg"}],"author":"LeodyAdmin2017","twitter_card":"summary_large_image","twitter_creator":"@LeodyMex","twitter_site":"@LeodyMex","twitter_misc":{"Escrito por":"LeodyAdmin2017","Tiempo de lectura":"2 minutos"},"schema":{"@context":"https:\/\/schema.org","@graph":[{"@type":"Organization","@id":"http:\/\/montables.com.mx\/blog\/#organization","name":"Leody Mex","url":"http:\/\/montables.com.mx\/blog\/","sameAs":["https:\/\/www.pinterest.com.mx\/leodymex\/","https:\/\/www.youtube.com\/c\/MontablesMxLeoDyMex","https:\/\/www.facebook.com\/montablesleodymex\/","https:\/\/twitter.com\/LeodyMex"],"logo":{"@type":"ImageObject","inLanguage":"es-MX","@id":"http:\/\/montables.com.mx\/blog\/#\/schema\/logo\/image\/","url":"http:\/\/montables.com.mx\/blog\/wp-content\/uploads\/2017\/08\/123.png","contentUrl":"http:\/\/montables.com.mx\/blog\/wp-content\/uploads\/2017\/08\/123.png","width":250,"height":100,"caption":"Leody Mex"},"image":{"@id":"http:\/\/montables.com.mx\/blog\/#\/schema\/logo\/image\/"}},{"@type":"WebSite","@id":"http:\/\/montables.com.mx\/blog\/#website","url":"http:\/\/montables.com.mx\/blog\/","name":"","description":"","publisher":{"@id":"http:\/\/montables.com.mx\/blog\/#organization"},"potentialAction":[{"@type":"SearchAction","target":{"@type":"EntryPoint","urlTemplate":"http:\/\/montables.com.mx\/blog\/?s={search_term_string}"},"query-input":"required name=search_term_string"}],"inLanguage":"es-MX"},{"@type":"ImageObject","inLanguage":"es-MX","@id":"http:\/\/montables.com.mx\/blog\/2019\/11\/06\/la-participacion-david-bisbal-en-frozen-2\/#primaryimage","url":"http:\/\/montables.com.mx\/blog\/wp-content\/uploads\/2019\/11\/4.jpg","contentUrl":"http:\/\/montables.com.mx\/blog\/wp-content\/uploads\/2019\/11\/4.jpg","width":400,"height":200},{"@type":"WebPage","@id":"http:\/\/montables.com.mx\/blog\/2019\/11\/06\/la-participacion-david-bisbal-en-frozen-2\/","url":"http:\/\/montables.com.mx\/blog\/2019\/11\/06\/la-participacion-david-bisbal-en-frozen-2\/","name":"La participaci\u00f3n de David Bisbal en 'Frozen 2' -","isPartOf":{"@id":"http:\/\/montables.com.mx\/blog\/#website"},"primaryImageOfPage":{"@id":"http:\/\/montables.com.mx\/blog\/2019\/11\/06\/la-participacion-david-bisbal-en-frozen-2\/#primaryimage"},"datePublished":"2019-11-06T17:12:20+00:00","dateModified":"2020-04-23T23:43:58+00:00","breadcrumb":{"@id":"http:\/\/montables.com.mx\/blog\/2019\/11\/06\/la-participacion-david-bisbal-en-frozen-2\/#breadcrumb"},"inLanguage":"es-MX","potentialAction":[{"@type":"ReadAction","target":["http:\/\/montables.com.mx\/blog\/2019\/11\/06\/la-participacion-david-bisbal-en-frozen-2\/"]}]},{"@type":"BreadcrumbList","@id":"http:\/\/montables.com.mx\/blog\/2019\/11\/06\/la-participacion-david-bisbal-en-frozen-2\/#breadcrumb","itemListElement":[{"@type":"ListItem","position":1,"name":"Inicio","item":"http:\/\/montables.com.mx\/blog\/"},{"@type":"ListItem","position":2,"name":"La participaci\u00f3n de David Bisbal en &#8216;Frozen 2&#8217;"}]},{"@type":"Article","@id":"http:\/\/montables.com.mx\/blog\/2019\/11\/06\/la-participacion-david-bisbal-en-frozen-2\/#article","isPartOf":{"@id":"http:\/\/montables.com.mx\/blog\/2019\/11\/06\/la-participacion-david-bisbal-en-frozen-2\/"},"author":{"name":"LeodyAdmin2017","@id":"http:\/\/montables.com.mx\/blog\/#\/schema\/person\/f7992c3e770edec0337d843dfcaa3e1d"},"headline":"La participaci\u00f3n de David Bisbal en &#8216;Frozen 2&#8217;","datePublished":"2019-11-06T17:12:20+00:00","dateModified":"2020-04-23T23:43:58+00:00","mainEntityOfPage":{"@id":"http:\/\/montables.com.mx\/blog\/2019\/11\/06\/la-participacion-david-bisbal-en-frozen-2\/"},"wordCount":431,"commentCount":0,"publisher":{"@id":"http:\/\/montables.com.mx\/blog\/#organization"},"image":{"@id":"http:\/\/montables.com.mx\/blog\/2019\/11\/06\/la-participacion-david-bisbal-en-frozen-2\/#primaryimage"},"thumbnailUrl":"http:\/\/montables.com.mx\/blog\/wp-content\/uploads\/2019\/11\/4.jpg","inLanguage":"es-MX","potentialAction":[{"@type":"CommentAction","name":"Comment","target":["http:\/\/montables.com.mx\/blog\/2019\/11\/06\/la-participacion-david-bisbal-en-frozen-2\/#respond"]}]},{"@type":"Person","@id":"http:\/\/montables.com.mx\/blog\/#\/schema\/person\/f7992c3e770edec0337d843dfcaa3e1d","name":"LeodyAdmin2017","image":{"@type":"ImageObject","inLanguage":"es-MX","@id":"http:\/\/montables.com.mx\/blog\/#\/schema\/person\/image\/","url":"http:\/\/2.gravatar.com\/avatar\/b024a5a0f695dc58bad2ed9953c55501?s=96&d=mm&r=g","contentUrl":"http:\/\/2.gravatar.com\/avatar\/b024a5a0f695dc58bad2ed9953c55501?s=96&d=mm&r=g","caption":"LeodyAdmin2017"},"url":"http:\/\/montables.com.mx\/blog\/author\/leodyadmin2017\/"}]}},"_links":{"self":[{"href":"http:\/\/montables.com.mx\/blog\/wp-json\/wp\/v2\/posts\/284"}],"collection":[{"href":"http:\/\/montables.com.mx\/blog\/wp-json\/wp\/v2\/posts"}],"about":[{"href":"http:\/\/montables.com.mx\/blog\/wp-json\/wp\/v2\/types\/post"}],"author":[{"embeddable":true,"href":"http:\/\/montables.com.mx\/blog\/wp-json\/wp\/v2\/users\/1"}],"replies":[{"embeddable":true,"href":"http:\/\/montables.com.mx\/blog\/wp-json\/wp\/v2\/comments?post=284"}],"version-history":[{"count":4,"href":"http:\/\/montables.com.mx\/blog\/wp-json\/wp\/v2\/posts\/284\/revisions"}],"predecessor-version":[{"id":290,"href":"http:\/\/montables.com.mx\/blog\/wp-json\/wp\/v2\/posts\/284\/revisions\/290"}],"wp:featuredmedia":[{"embeddable":true,"href":"http:\/\/montables.com.mx\/blog\/wp-json\/wp\/v2\/media\/348"}],"wp:attachment":[{"href":"http:\/\/montables.com.mx\/blog\/wp-json\/wp\/v2\/media?parent=284"}],"wp:term":[{"taxonomy":"category","embeddable":true,"href":"http:\/\/montables.com.mx\/blog\/wp-json\/wp\/v2\/categories?post=284"},{"taxonomy":"post_tag","embeddable":true,"href":"http:\/\/montables.com.mx\/blog\/wp-json\/wp\/v2\/tags?post=284"}],"curies":[{"name":"wp","href":"https:\/\/api.w.org\/{rel}","templated":true}]}}