{"id":212,"date":"2019-10-30T12:38:06","date_gmt":"2019-10-30T18:38:06","guid":{"rendered":"http:\/\/montables.com.mx\/blog\/?p=212"},"modified":"2020-04-23T17:53:16","modified_gmt":"2020-04-23T23:53:16","slug":"disney-celebra-aniversario-25o-pesadilla-navidad","status":"publish","type":"post","link":"http:\/\/montables.com.mx\/blog\/2019\/10\/30\/disney-celebra-aniversario-25o-pesadilla-navidad\/","title":{"rendered":"DISNEY CELEBRA EL ANIVERSARIO 25\u00ba  DE &#8216;PESADILLA ANTES DE NAVIDAD&#8217;"},"content":{"rendered":"<p>\u00bfQu\u00e9 es, qu\u00e9 es? Hay luces de color. \u00bfQu\u00e9 es? Parece de algod\u00f3n. \u00bfQu\u00e9 es? No creo lo que veo, estoy so\u00f1ando, no lo se, que injusto es. \u00bfQu\u00e9 es?<\/p>\n<p><img loading=\"lazy\" class=\" wp-image-219 aligncenter\" src=\"http:\/\/montables.com.mx\/blog\/wp-content\/uploads\/2019\/10\/secuela-pesadilla-antes-de-navidad-1-300x169.jpg\" alt=\"\" width=\"539\" height=\"304\" srcset=\"http:\/\/montables.com.mx\/blog\/wp-content\/uploads\/2019\/10\/secuela-pesadilla-antes-de-navidad-1-300x169.jpg 300w, http:\/\/montables.com.mx\/blog\/wp-content\/uploads\/2019\/10\/secuela-pesadilla-antes-de-navidad-1-768x432.jpg 768w, http:\/\/montables.com.mx\/blog\/wp-content\/uploads\/2019\/10\/secuela-pesadilla-antes-de-navidad-1-1024x576.jpg 1024w, http:\/\/montables.com.mx\/blog\/wp-content\/uploads\/2019\/10\/secuela-pesadilla-antes-de-navidad-1.jpg 1280w\" sizes=\"(max-width: 539px) 100vw, 539px\" \/><\/p>\n<p><strong>El 29 de octubre es el d\u00eda de &#8216;Pesadilla antes de Navidad&#8217;<\/strong>, la maravillosa obra de animaci\u00f3n creada en stop-motion de\u00a0<strong>Tim Burton<\/strong>\u00a0que lleg\u00f3 a la gran pantalla por primera vez en 1993. La pel\u00edcula se estren\u00f3 el 29 de octubre de ese a\u00f1o.<\/p>\n<p>E incluso ahora, casi 30 a\u00f1os despu\u00e9s, &#8216;Pesadilla antes de Navidad&#8217; todav\u00eda se considera ampliamente como una tradici\u00f3n anual entre los cin\u00e9filos, no es una sorpresa, dado que es quiz\u00e1s\u00a0<strong>la pel\u00edcula perfecta para marcar la brecha entre Halloween y Navidad<\/strong>. Esta es la historia de Jack Skeleton, un personaje que se meti\u00f3 a todo el p\u00fablico en el bolsillo y que en m\u00e1s de una ocasi\u00f3n nos habremos sentido identificados con \u00e9l.<\/p>\n<p><img loading=\"lazy\" class=\" wp-image-217 aligncenter\" src=\"http:\/\/montables.com.mx\/blog\/wp-content\/uploads\/2019\/10\/1fb6217_cabecera-300x163.jpg\" alt=\"\" width=\"520\" height=\"283\" srcset=\"http:\/\/montables.com.mx\/blog\/wp-content\/uploads\/2019\/10\/1fb6217_cabecera-300x163.jpg 300w, http:\/\/montables.com.mx\/blog\/wp-content\/uploads\/2019\/10\/1fb6217_cabecera.jpg 588w\" sizes=\"(max-width: 520px) 100vw, 520px\" \/><\/p>\n<p class=\"body-text\">Como es el 29 de octubre, la cuenta oficial de Twitter de Disney marc\u00f3 el aniversario de &#8216;Pesadilla antes de Navidad&#8217; con un p\u00f3ster que conmemora la historia de Jack y Sally.<\/p>\n<div class=\"embed embed-twitter embed-center media-loader lazyloaded\" data-align=\"center\">\n<div class=\"embed-inner\">\n<blockquote class=\"twitter-tweet\">\n<p class=\"body-text\">Everybody scream! It\u2019s the anniversary of Tim Burton\u2019s The Nightmare Before Christmas.\u00a0<a class=\"body-link\" href=\"https:\/\/t.co\/oxXFcQlDQI\" data-vars-ga-outbound-link=\"https:\/\/t.co\/oxXFcQlDQI\">pic.twitter.com\/oxXFcQlDQI<\/a><\/p>\n<p>\u2014 Disney (@Disney)\u00a0<a class=\"body-link\" href=\"https:\/\/twitter.com\/Disney\/status\/1189210303332003840?ref_src=twsrc%5Etfw\" data-vars-ga-outbound-link=\"https:\/\/twitter.com\/Disney\/status\/1189210303332003840?ref_src=twsrc^tfw\">October 29, 2019<\/a><\/p><\/blockquote>\n<\/div>\n<\/div>\n<p class=\"body-text\">El bueno de Jack solo quer\u00eda difundir un poco de alegr\u00eda navide\u00f1a, y cuando descubre el mundo de la navidad, quiere acercar esa alegr\u00eda y ese esp\u00edritu al oscuro mundo de Halloween.<\/p>\n<p class=\"body-text\">Seg\u00fan los rumores, Disney podr\u00eda desarrollar una nueva versi\u00f3n de la pel\u00edcula, una que estar\u00eda junto a otras versiones de acci\u00f3n en vivo siguiendo la l\u00ednea que lleva ahora con sus cl\u00e1sicos. Despu\u00e9s de 26 a\u00f1os, la pel\u00edcula es un verdadero cl\u00e1sico. Habr\u00e1 que ver c\u00f3mo toma la gente esta vuelta de la cinta, en el caso de que se lleve finalmente a cabo.<\/p>\n","protected":false},"excerpt":{"rendered":"<p>\u00bfQu\u00e9 es, qu\u00e9 es? Hay luces de color. \u00bfQu\u00e9 es? Parece de algod\u00f3n. \u00bfQu\u00e9 es? No creo lo que veo,&hellip;<\/p>\n","protected":false},"author":1,"featured_media":351,"comment_status":"open","ping_status":"open","sticky":false,"template":"","format":"standard","meta":[],"categories":[1],"tags":[],"yoast_head":"<!-- This site is optimized with the Yoast SEO plugin v19.3 - https:\/\/yoast.com\/wordpress\/plugins\/seo\/ -->\n<title>DISNEY CELEBRA EL ANIVERSARIO 25\u00ba DE &#039;PESADILLA ANTES DE NAVIDAD&#039; -<\/title>\n<meta name=\"robots\" content=\"index, follow, max-snippet:-1, max-image-preview:large, max-video-preview:-1\" \/>\n<link rel=\"canonical\" href=\"https:\/\/montables.com.mx\/blog\/2019\/10\/30\/disney-celebra-aniversario-25o-pesadilla-navidad\/\" \/>\n<meta property=\"og:locale\" content=\"es_MX\" \/>\n<meta property=\"og:type\" content=\"article\" \/>\n<meta property=\"og:title\" content=\"DISNEY CELEBRA EL ANIVERSARIO 25\u00ba DE &#039;PESADILLA ANTES DE NAVIDAD&#039; -\" \/>\n<meta property=\"og:description\" content=\"\u00bfQu\u00e9 es, qu\u00e9 es? Hay luces de color. \u00bfQu\u00e9 es? Parece de algod\u00f3n. \u00bfQu\u00e9 es? No creo lo que veo,&hellip;\" \/>\n<meta property=\"og:url\" content=\"https:\/\/montables.com.mx\/blog\/2019\/10\/30\/disney-celebra-aniversario-25o-pesadilla-navidad\/\" \/>\n<meta property=\"article:publisher\" content=\"https:\/\/www.facebook.com\/montablesleodymex\/\" \/>\n<meta property=\"article:published_time\" content=\"2019-10-30T18:38:06+00:00\" \/>\n<meta property=\"article:modified_time\" content=\"2020-04-23T23:53:16+00:00\" \/>\n<meta property=\"og:image\" content=\"https:\/\/montables.com.mx\/blog\/wp-content\/uploads\/2019\/10\/7.jpg\" \/>\n\t<meta property=\"og:image:width\" content=\"400\" \/>\n\t<meta property=\"og:image:height\" content=\"200\" \/>\n\t<meta property=\"og:image:type\" content=\"image\/jpeg\" \/>\n<meta name=\"author\" content=\"LeodyAdmin2017\" \/>\n<meta name=\"twitter:card\" content=\"summary_large_image\" \/>\n<meta name=\"twitter:creator\" content=\"@LeodyMex\" \/>\n<meta name=\"twitter:site\" content=\"@LeodyMex\" \/>\n<meta name=\"twitter:label1\" content=\"Escrito por\" \/>\n\t<meta name=\"twitter:data1\" content=\"LeodyAdmin2017\" \/>\n\t<meta name=\"twitter:label2\" content=\"Tiempo de lectura\" \/>\n\t<meta name=\"twitter:data2\" content=\"2 minutos\" \/>\n<script type=\"application\/ld+json\" class=\"yoast-schema-graph\">{\"@context\":\"https:\/\/schema.org\",\"@graph\":[{\"@type\":\"Organization\",\"@id\":\"http:\/\/montables.com.mx\/blog\/#organization\",\"name\":\"Leody Mex\",\"url\":\"http:\/\/montables.com.mx\/blog\/\",\"sameAs\":[\"https:\/\/www.pinterest.com.mx\/leodymex\/\",\"https:\/\/www.youtube.com\/c\/MontablesMxLeoDyMex\",\"https:\/\/www.facebook.com\/montablesleodymex\/\",\"https:\/\/twitter.com\/LeodyMex\"],\"logo\":{\"@type\":\"ImageObject\",\"inLanguage\":\"es-MX\",\"@id\":\"http:\/\/montables.com.mx\/blog\/#\/schema\/logo\/image\/\",\"url\":\"http:\/\/montables.com.mx\/blog\/wp-content\/uploads\/2017\/08\/123.png\",\"contentUrl\":\"http:\/\/montables.com.mx\/blog\/wp-content\/uploads\/2017\/08\/123.png\",\"width\":250,\"height\":100,\"caption\":\"Leody Mex\"},\"image\":{\"@id\":\"http:\/\/montables.com.mx\/blog\/#\/schema\/logo\/image\/\"}},{\"@type\":\"WebSite\",\"@id\":\"http:\/\/montables.com.mx\/blog\/#website\",\"url\":\"http:\/\/montables.com.mx\/blog\/\",\"name\":\"\",\"description\":\"\",\"publisher\":{\"@id\":\"http:\/\/montables.com.mx\/blog\/#organization\"},\"potentialAction\":[{\"@type\":\"SearchAction\",\"target\":{\"@type\":\"EntryPoint\",\"urlTemplate\":\"http:\/\/montables.com.mx\/blog\/?s={search_term_string}\"},\"query-input\":\"required name=search_term_string\"}],\"inLanguage\":\"es-MX\"},{\"@type\":\"ImageObject\",\"inLanguage\":\"es-MX\",\"@id\":\"https:\/\/montables.com.mx\/blog\/2019\/10\/30\/disney-celebra-aniversario-25o-pesadilla-navidad\/#primaryimage\",\"url\":\"http:\/\/montables.com.mx\/blog\/wp-content\/uploads\/2019\/10\/7.jpg\",\"contentUrl\":\"http:\/\/montables.com.mx\/blog\/wp-content\/uploads\/2019\/10\/7.jpg\",\"width\":400,\"height\":200},{\"@type\":\"WebPage\",\"@id\":\"https:\/\/montables.com.mx\/blog\/2019\/10\/30\/disney-celebra-aniversario-25o-pesadilla-navidad\/\",\"url\":\"https:\/\/montables.com.mx\/blog\/2019\/10\/30\/disney-celebra-aniversario-25o-pesadilla-navidad\/\",\"name\":\"DISNEY CELEBRA EL ANIVERSARIO 25\u00ba DE 'PESADILLA ANTES DE NAVIDAD' -\",\"isPartOf\":{\"@id\":\"http:\/\/montables.com.mx\/blog\/#website\"},\"primaryImageOfPage\":{\"@id\":\"https:\/\/montables.com.mx\/blog\/2019\/10\/30\/disney-celebra-aniversario-25o-pesadilla-navidad\/#primaryimage\"},\"datePublished\":\"2019-10-30T18:38:06+00:00\",\"dateModified\":\"2020-04-23T23:53:16+00:00\",\"breadcrumb\":{\"@id\":\"https:\/\/montables.com.mx\/blog\/2019\/10\/30\/disney-celebra-aniversario-25o-pesadilla-navidad\/#breadcrumb\"},\"inLanguage\":\"es-MX\",\"potentialAction\":[{\"@type\":\"ReadAction\",\"target\":[\"https:\/\/montables.com.mx\/blog\/2019\/10\/30\/disney-celebra-aniversario-25o-pesadilla-navidad\/\"]}]},{\"@type\":\"BreadcrumbList\",\"@id\":\"https:\/\/montables.com.mx\/blog\/2019\/10\/30\/disney-celebra-aniversario-25o-pesadilla-navidad\/#breadcrumb\",\"itemListElement\":[{\"@type\":\"ListItem\",\"position\":1,\"name\":\"Inicio\",\"item\":\"http:\/\/montables.com.mx\/blog\/\"},{\"@type\":\"ListItem\",\"position\":2,\"name\":\"DISNEY CELEBRA EL ANIVERSARIO 25\u00ba DE &#8216;PESADILLA ANTES DE NAVIDAD&#8217;\"}]},{\"@type\":\"Article\",\"@id\":\"https:\/\/montables.com.mx\/blog\/2019\/10\/30\/disney-celebra-aniversario-25o-pesadilla-navidad\/#article\",\"isPartOf\":{\"@id\":\"https:\/\/montables.com.mx\/blog\/2019\/10\/30\/disney-celebra-aniversario-25o-pesadilla-navidad\/\"},\"author\":{\"name\":\"LeodyAdmin2017\",\"@id\":\"http:\/\/montables.com.mx\/blog\/#\/schema\/person\/f7992c3e770edec0337d843dfcaa3e1d\"},\"headline\":\"DISNEY CELEBRA EL ANIVERSARIO 25\u00ba DE &#8216;PESADILLA ANTES DE NAVIDAD&#8217;\",\"datePublished\":\"2019-10-30T18:38:06+00:00\",\"dateModified\":\"2020-04-23T23:53:16+00:00\",\"mainEntityOfPage\":{\"@id\":\"https:\/\/montables.com.mx\/blog\/2019\/10\/30\/disney-celebra-aniversario-25o-pesadilla-navidad\/\"},\"wordCount\":335,\"commentCount\":0,\"publisher\":{\"@id\":\"http:\/\/montables.com.mx\/blog\/#organization\"},\"image\":{\"@id\":\"https:\/\/montables.com.mx\/blog\/2019\/10\/30\/disney-celebra-aniversario-25o-pesadilla-navidad\/#primaryimage\"},\"thumbnailUrl\":\"http:\/\/montables.com.mx\/blog\/wp-content\/uploads\/2019\/10\/7.jpg\",\"inLanguage\":\"es-MX\",\"potentialAction\":[{\"@type\":\"CommentAction\",\"name\":\"Comment\",\"target\":[\"https:\/\/montables.com.mx\/blog\/2019\/10\/30\/disney-celebra-aniversario-25o-pesadilla-navidad\/#respond\"]}]},{\"@type\":\"Person\",\"@id\":\"http:\/\/montables.com.mx\/blog\/#\/schema\/person\/f7992c3e770edec0337d843dfcaa3e1d\",\"name\":\"LeodyAdmin2017\",\"image\":{\"@type\":\"ImageObject\",\"inLanguage\":\"es-MX\",\"@id\":\"http:\/\/montables.com.mx\/blog\/#\/schema\/person\/image\/\",\"url\":\"http:\/\/2.gravatar.com\/avatar\/b024a5a0f695dc58bad2ed9953c55501?s=96&d=mm&r=g\",\"contentUrl\":\"http:\/\/2.gravatar.com\/avatar\/b024a5a0f695dc58bad2ed9953c55501?s=96&d=mm&r=g\",\"caption\":\"LeodyAdmin2017\"},\"url\":\"http:\/\/montables.com.mx\/blog\/author\/leodyadmin2017\/\"}]}<\/script>\n<!-- \/ Yoast SEO plugin. -->","yoast_head_json":{"title":"DISNEY CELEBRA EL ANIVERSARIO 25\u00ba DE 'PESADILLA ANTES DE NAVIDAD' -","robots":{"index":"index","follow":"follow","max-snippet":"max-snippet:-1","max-image-preview":"max-image-preview:large","max-video-preview":"max-video-preview:-1"},"canonical":"https:\/\/montables.com.mx\/blog\/2019\/10\/30\/disney-celebra-aniversario-25o-pesadilla-navidad\/","og_locale":"es_MX","og_type":"article","og_title":"DISNEY CELEBRA EL ANIVERSARIO 25\u00ba DE 'PESADILLA ANTES DE NAVIDAD' -","og_description":"\u00bfQu\u00e9 es, qu\u00e9 es? Hay luces de color. \u00bfQu\u00e9 es? Parece de algod\u00f3n. \u00bfQu\u00e9 es? No creo lo que veo,&hellip;","og_url":"https:\/\/montables.com.mx\/blog\/2019\/10\/30\/disney-celebra-aniversario-25o-pesadilla-navidad\/","article_publisher":"https:\/\/www.facebook.com\/montablesleodymex\/","article_published_time":"2019-10-30T18:38:06+00:00","article_modified_time":"2020-04-23T23:53:16+00:00","og_image":[{"width":400,"height":200,"url":"https:\/\/montables.com.mx\/blog\/wp-content\/uploads\/2019\/10\/7.jpg","type":"image\/jpeg"}],"author":"LeodyAdmin2017","twitter_card":"summary_large_image","twitter_creator":"@LeodyMex","twitter_site":"@LeodyMex","twitter_misc":{"Escrito por":"LeodyAdmin2017","Tiempo de lectura":"2 minutos"},"schema":{"@context":"https:\/\/schema.org","@graph":[{"@type":"Organization","@id":"http:\/\/montables.com.mx\/blog\/#organization","name":"Leody Mex","url":"http:\/\/montables.com.mx\/blog\/","sameAs":["https:\/\/www.pinterest.com.mx\/leodymex\/","https:\/\/www.youtube.com\/c\/MontablesMxLeoDyMex","https:\/\/www.facebook.com\/montablesleodymex\/","https:\/\/twitter.com\/LeodyMex"],"logo":{"@type":"ImageObject","inLanguage":"es-MX","@id":"http:\/\/montables.com.mx\/blog\/#\/schema\/logo\/image\/","url":"http:\/\/montables.com.mx\/blog\/wp-content\/uploads\/2017\/08\/123.png","contentUrl":"http:\/\/montables.com.mx\/blog\/wp-content\/uploads\/2017\/08\/123.png","width":250,"height":100,"caption":"Leody Mex"},"image":{"@id":"http:\/\/montables.com.mx\/blog\/#\/schema\/logo\/image\/"}},{"@type":"WebSite","@id":"http:\/\/montables.com.mx\/blog\/#website","url":"http:\/\/montables.com.mx\/blog\/","name":"","description":"","publisher":{"@id":"http:\/\/montables.com.mx\/blog\/#organization"},"potentialAction":[{"@type":"SearchAction","target":{"@type":"EntryPoint","urlTemplate":"http:\/\/montables.com.mx\/blog\/?s={search_term_string}"},"query-input":"required name=search_term_string"}],"inLanguage":"es-MX"},{"@type":"ImageObject","inLanguage":"es-MX","@id":"https:\/\/montables.com.mx\/blog\/2019\/10\/30\/disney-celebra-aniversario-25o-pesadilla-navidad\/#primaryimage","url":"http:\/\/montables.com.mx\/blog\/wp-content\/uploads\/2019\/10\/7.jpg","contentUrl":"http:\/\/montables.com.mx\/blog\/wp-content\/uploads\/2019\/10\/7.jpg","width":400,"height":200},{"@type":"WebPage","@id":"https:\/\/montables.com.mx\/blog\/2019\/10\/30\/disney-celebra-aniversario-25o-pesadilla-navidad\/","url":"https:\/\/montables.com.mx\/blog\/2019\/10\/30\/disney-celebra-aniversario-25o-pesadilla-navidad\/","name":"DISNEY CELEBRA EL ANIVERSARIO 25\u00ba DE 'PESADILLA ANTES DE NAVIDAD' -","isPartOf":{"@id":"http:\/\/montables.com.mx\/blog\/#website"},"primaryImageOfPage":{"@id":"https:\/\/montables.com.mx\/blog\/2019\/10\/30\/disney-celebra-aniversario-25o-pesadilla-navidad\/#primaryimage"},"datePublished":"2019-10-30T18:38:06+00:00","dateModified":"2020-04-23T23:53:16+00:00","breadcrumb":{"@id":"https:\/\/montables.com.mx\/blog\/2019\/10\/30\/disney-celebra-aniversario-25o-pesadilla-navidad\/#breadcrumb"},"inLanguage":"es-MX","potentialAction":[{"@type":"ReadAction","target":["https:\/\/montables.com.mx\/blog\/2019\/10\/30\/disney-celebra-aniversario-25o-pesadilla-navidad\/"]}]},{"@type":"BreadcrumbList","@id":"https:\/\/montables.com.mx\/blog\/2019\/10\/30\/disney-celebra-aniversario-25o-pesadilla-navidad\/#breadcrumb","itemListElement":[{"@type":"ListItem","position":1,"name":"Inicio","item":"http:\/\/montables.com.mx\/blog\/"},{"@type":"ListItem","position":2,"name":"DISNEY CELEBRA EL ANIVERSARIO 25\u00ba DE &#8216;PESADILLA ANTES DE NAVIDAD&#8217;"}]},{"@type":"Article","@id":"https:\/\/montables.com.mx\/blog\/2019\/10\/30\/disney-celebra-aniversario-25o-pesadilla-navidad\/#article","isPartOf":{"@id":"https:\/\/montables.com.mx\/blog\/2019\/10\/30\/disney-celebra-aniversario-25o-pesadilla-navidad\/"},"author":{"name":"LeodyAdmin2017","@id":"http:\/\/montables.com.mx\/blog\/#\/schema\/person\/f7992c3e770edec0337d843dfcaa3e1d"},"headline":"DISNEY CELEBRA EL ANIVERSARIO 25\u00ba DE &#8216;PESADILLA ANTES DE NAVIDAD&#8217;","datePublished":"2019-10-30T18:38:06+00:00","dateModified":"2020-04-23T23:53:16+00:00","mainEntityOfPage":{"@id":"https:\/\/montables.com.mx\/blog\/2019\/10\/30\/disney-celebra-aniversario-25o-pesadilla-navidad\/"},"wordCount":335,"commentCount":0,"publisher":{"@id":"http:\/\/montables.com.mx\/blog\/#organization"},"image":{"@id":"https:\/\/montables.com.mx\/blog\/2019\/10\/30\/disney-celebra-aniversario-25o-pesadilla-navidad\/#primaryimage"},"thumbnailUrl":"http:\/\/montables.com.mx\/blog\/wp-content\/uploads\/2019\/10\/7.jpg","inLanguage":"es-MX","potentialAction":[{"@type":"CommentAction","name":"Comment","target":["https:\/\/montables.com.mx\/blog\/2019\/10\/30\/disney-celebra-aniversario-25o-pesadilla-navidad\/#respond"]}]},{"@type":"Person","@id":"http:\/\/montables.com.mx\/blog\/#\/schema\/person\/f7992c3e770edec0337d843dfcaa3e1d","name":"LeodyAdmin2017","image":{"@type":"ImageObject","inLanguage":"es-MX","@id":"http:\/\/montables.com.mx\/blog\/#\/schema\/person\/image\/","url":"http:\/\/2.gravatar.com\/avatar\/b024a5a0f695dc58bad2ed9953c55501?s=96&d=mm&r=g","contentUrl":"http:\/\/2.gravatar.com\/avatar\/b024a5a0f695dc58bad2ed9953c55501?s=96&d=mm&r=g","caption":"LeodyAdmin2017"},"url":"http:\/\/montables.com.mx\/blog\/author\/leodyadmin2017\/"}]}},"_links":{"self":[{"href":"http:\/\/montables.com.mx\/blog\/wp-json\/wp\/v2\/posts\/212"}],"collection":[{"href":"http:\/\/montables.com.mx\/blog\/wp-json\/wp\/v2\/posts"}],"about":[{"href":"http:\/\/montables.com.mx\/blog\/wp-json\/wp\/v2\/types\/post"}],"author":[{"embeddable":true,"href":"http:\/\/montables.com.mx\/blog\/wp-json\/wp\/v2\/users\/1"}],"replies":[{"embeddable":true,"href":"http:\/\/montables.com.mx\/blog\/wp-json\/wp\/v2\/comments?post=212"}],"version-history":[{"count":7,"href":"http:\/\/montables.com.mx\/blog\/wp-json\/wp\/v2\/posts\/212\/revisions"}],"predecessor-version":[{"id":223,"href":"http:\/\/montables.com.mx\/blog\/wp-json\/wp\/v2\/posts\/212\/revisions\/223"}],"wp:featuredmedia":[{"embeddable":true,"href":"http:\/\/montables.com.mx\/blog\/wp-json\/wp\/v2\/media\/351"}],"wp:attachment":[{"href":"http:\/\/montables.com.mx\/blog\/wp-json\/wp\/v2\/media?parent=212"}],"wp:term":[{"taxonomy":"category","embeddable":true,"href":"http:\/\/montables.com.mx\/blog\/wp-json\/wp\/v2\/categories?post=212"},{"taxonomy":"post_tag","embeddable":true,"href":"http:\/\/montables.com.mx\/blog\/wp-json\/wp\/v2\/tags?post=212"}],"curies":[{"name":"wp","href":"https:\/\/api.w.org\/{rel}","templated":true}]}}